{"id":1825,"date":"2022-10-14T09:53:50","date_gmt":"2022-10-14T09:53:50","guid":{"rendered":"https:\/\/palaciodelosmencos.es\/visita-a-la-bodega\/"},"modified":"2024-05-08T10:29:28","modified_gmt":"2024-05-08T10:29:28","slug":"visita-a-la-bodega","status":"publish","type":"post","link":"https:\/\/palaciodelosmencos.es\/fr\/visita-a-la-bodega\/","title":{"rendered":"Visitez la cave historique"},"content":{"rendered":"<p><strong>Guid\u00e9 par un membre de la famille, l&#8217;importance que la production et l&#8217;\u00e9laboration du vin avaient pour les Mencos sera expliqu\u00e9e pendant 45 minutes ; l&#8217;\u00e2ge et la particularit\u00e9 de ses f\u00fbts, ainsi que les diff\u00e9rents \u00e9l\u00e9ments qui composent la cave. Les trois vins que les Mencos vendent actuellement sous la marque Marqu\u00e9s de la Real Defensa seront d\u00e9gust\u00e9s ainsi que les saucisses et l&#8217;huile d&#8217;olive extra vierge.<\/strong><\/p>\n<ul>\n<li>Elle se r\u00e9alise en groupes de minimum 6 personnes et maximum de 40 personnes.<\/li>\n<li>Le prix de la visite est de 10 \u20ac\/personne et doit \u00eatre effectu\u00e9e sur rendez-vous. (enfants de moins de 3 ans, entr\u00e9e gratuite).<\/li>\n<\/ul>\n","protected":false},"excerpt":{"rendered":"<p>Previa Reserva <\/p>\n","protected":false},"author":1,"featured_media":1588,"comment_status":"open","ping_status":"open","sticky":false,"template":"","format":"standard","meta":{"_acf_changed":false,"_et_pb_use_builder":"off","_et_pb_old_content":"","_et_gb_content_width":"","footnotes":""},"categories":[14],"tags":[],"class_list":["post-1825","post","type-post","status-publish","format-standard","has-post-thumbnail","hentry","category-non-classifiee"],"acf":[],"_links":{"self":[{"href":"https:\/\/palaciodelosmencos.es\/fr\/wp-json\/wp\/v2\/posts\/1825","targetHints":{"allow":["GET"]}}],"collection":[{"href":"https:\/\/palaciodelosmencos.es\/fr\/wp-json\/wp\/v2\/posts"}],"about":[{"href":"https:\/\/palaciodelosmencos.es\/fr\/wp-json\/wp\/v2\/types\/post"}],"author":[{"embeddable":true,"href":"https:\/\/palaciodelosmencos.es\/fr\/wp-json\/wp\/v2\/users\/1"}],"replies":[{"embeddable":true,"href":"https:\/\/palaciodelosmencos.es\/fr\/wp-json\/wp\/v2\/comments?post=1825"}],"version-history":[{"count":1,"href":"https:\/\/palaciodelosmencos.es\/fr\/wp-json\/wp\/v2\/posts\/1825\/revisions"}],"predecessor-version":[{"id":1826,"href":"https:\/\/palaciodelosmencos.es\/fr\/wp-json\/wp\/v2\/posts\/1825\/revisions\/1826"}],"wp:featuredmedia":[{"embeddable":true,"href":"https:\/\/palaciodelosmencos.es\/fr\/wp-json\/wp\/v2\/media\/1588"}],"wp:attachment":[{"href":"https:\/\/palaciodelosmencos.es\/fr\/wp-json\/wp\/v2\/media?parent=1825"}],"wp:term":[{"taxonomy":"category","embeddable":true,"href":"https:\/\/palaciodelosmencos.es\/fr\/wp-json\/wp\/v2\/categories?post=1825"},{"taxonomy":"post_tag","embeddable":true,"href":"https:\/\/palaciodelosmencos.es\/fr\/wp-json\/wp\/v2\/tags?post=1825"}],"curies":[{"name":"wp","href":"https:\/\/api.w.org\/{rel}","templated":true}]}}